{"id":557,"date":"2018-04-12T15:41:36","date_gmt":"2018-04-12T13:41:36","guid":{"rendered":"http:\/\/52.56.69.55\/?post_type=newsitem&#038;p=557"},"modified":"2018-06-11T20:06:00","modified_gmt":"2018-06-11T18:06:00","slug":"intertraffic-2018-automatisch-parkeren-in-amsterdam","status":"publish","type":"newsitem","link":"https:\/\/parkd.com\/nl\/nieuws\/intertraffic-2018-automatisch-parkeren-in-amsterdam\/","title":{"rendered":"InterTraffic 2018: Automatisch parkeren in Amsterdam"},"content":{"rendered":"<p><strong>Amsterdam: thuisstad van schilderachtige grachtjes, bijna \u00e9\u00e9n miljoen fietsen, en dit jaar Intertraffic 2018: \u00e9\u00e9n van de grootste professionele verkeers- en mobiliteits evenementen ter wereld.<\/strong> <strong>Een perfecte plaats om alle nieuwigheden in onze industrie te ontdekken, dus vertrokken we naar Amsterdam!<\/strong><\/p>\n<p>Onze stand stond in de Smart Mobility hal, waar we helemaal klaar stonden om de wereld automatisch parkeren te leren kennen. In deze hal toonden bedrijven allerhande nieuwe toepassingen om de mobiliteit te verbeteren. Van automatisch rijdende auto\u2019s tot de maatschappelijke uitdagingen die hierdoor ontstaan; er was voor ieder wat wils.<\/p>\n<p>Met meer dan 30.000 bezoekers uit 134 landen, moest onze stand opvallen. En of we dat deden. In het midden van onze stand hadden we een echte grijpmachine\u00a0staan, gevuld met Parkd dongles. \u201cNaar links! Naar beneden!\u201d riepen we terwijl we de spelregels uitlegden; \u201cAls je de dongle grijpt, mag je de dongle houden!\u201d. Terwijl bezoekers een dongle probeerden te winnen, vertelden we ze hoe ze met Parkd hun parkeren konden optimaliseren.<\/p>\n<p><img loading=\"lazy\" decoding=\"async\" class=\"alignnone size-medium wp-image-556\" src=\"http:\/\/parkd.com\/wp-content\/uploads\/2018\/04\/IMG_0186-300x274.jpg\" alt=\"\" width=\"300\" height=\"274\" srcset=\"https:\/\/parkd.com\/wp-content\/uploads\/2018\/04\/IMG_0186-300x274.jpg 300w, https:\/\/parkd.com\/wp-content\/uploads\/2018\/04\/IMG_0186-768x703.jpg 768w, https:\/\/parkd.com\/wp-content\/uploads\/2018\/04\/IMG_0186-1024x937.jpg 1024w\" sizes=\"auto, (max-width: 300px) 100vw, 300px\" \/><\/p>\n<p>Onze stand zorgde voor boeiende gesprekken over de data van geconnecteerde auto\u2019s, en hoe deze kan gebruikt worden om betere mobiliteit te voorzien in gemeenten. Idee\u00ebn uitwisselen en brainstormen is het meest waardevolle dat InterTraffic 2018 ons gegeven heeft.<\/p>\n<p>Kortom: we hebben ongelooflijk interessante mensen leren kennen, meer dan 20 bezoekers hebben een Parkd dongle gewonnen en\u2026 we hebben echt t\u00e9 veel sushi gegeten <em>(Serieus\u2026 de sushi bar was veel te lekker!)<\/em>.<\/p>\n","protected":false},"featured_media":559,"template":"","class_list":["post-557","newsitem","type-newsitem","status-publish","has-post-thumbnail","hentry"],"acf":[],"yoast_head":"<!-- This site is optimized with the Yoast SEO plugin v27.4 - https:\/\/yoast.com\/product\/yoast-seo-wordpress\/ -->\n<title>InterTraffic 2018: Automatisch parkeren in Amsterdam - Parkd<\/title>\n<meta name=\"description\" content=\"Dit jaar vond \u00e9\u00e9n van de grootste professionele verkeers- en mobiliteits evenementen ter wereld plaats in Amsterdam: de Intertraffic 2018.\" \/>\n<meta name=\"robots\" content=\"index, follow, max-snippet:-1, max-image-preview:large, max-video-preview:-1\" \/>\n<link rel=\"canonical\" href=\"https:\/\/parkd.com\/nl\/nieuws\/intertraffic-2018-automatisch-parkeren-in-amsterdam\/\" \/>\n<meta property=\"og:locale\" content=\"nl_NL\" \/>\n<meta property=\"og:type\" content=\"article\" \/>\n<meta property=\"og:title\" content=\"InterTraffic 2018: Automatisch parkeren in Amsterdam - Parkd\" \/>\n<meta property=\"og:description\" content=\"Dit jaar vond \u00e9\u00e9n van de grootste professionele verkeers- en mobiliteits evenementen ter wereld plaats in Amsterdam: de Intertraffic 2018.\" \/>\n<meta property=\"og:url\" content=\"https:\/\/parkd.com\/nl\/nieuws\/intertraffic-2018-automatisch-parkeren-in-amsterdam\/\" \/>\n<meta property=\"og:site_name\" content=\"Parkd\" \/>\n<meta property=\"article:publisher\" content=\"https:\/\/www.facebook.com\/parkdnl\/\" \/>\n<meta property=\"article:modified_time\" content=\"2018-06-11T18:06:00+00:00\" \/>\n<meta property=\"og:image\" content=\"https:\/\/parkd.com\/wp-content\/uploads\/2018\/04\/ITM_2.jpg\" \/>\n\t<meta property=\"og:image:width\" content=\"3000\" \/>\n\t<meta property=\"og:image:height\" content=\"2000\" \/>\n\t<meta property=\"og:image:type\" content=\"image\/jpeg\" \/>\n<meta name=\"twitter:card\" content=\"summary_large_image\" \/>\n<meta name=\"twitter:site\" content=\"@iamparkd\" \/>\n<meta name=\"twitter:label1\" content=\"Geschatte leestijd\" \/>\n\t<meta name=\"twitter:data1\" content=\"1 minuut\" \/>\n<script type=\"application\/ld+json\" class=\"yoast-schema-graph\">{\"@context\":\"https:\\\/\\\/schema.org\",\"@graph\":[{\"@type\":\"WebPage\",\"@id\":\"https:\\\/\\\/parkd.com\\\/nl\\\/nieuws\\\/intertraffic-2018-automatisch-parkeren-in-amsterdam\\\/\",\"url\":\"https:\\\/\\\/parkd.com\\\/nl\\\/nieuws\\\/intertraffic-2018-automatisch-parkeren-in-amsterdam\\\/\",\"name\":\"InterTraffic 2018: Automatisch parkeren in Amsterdam - Parkd\",\"isPartOf\":{\"@id\":\"https:\\\/\\\/parkd.com\\\/nl\\\/#website\"},\"primaryImageOfPage\":{\"@id\":\"https:\\\/\\\/parkd.com\\\/nl\\\/nieuws\\\/intertraffic-2018-automatisch-parkeren-in-amsterdam\\\/#primaryimage\"},\"image\":{\"@id\":\"https:\\\/\\\/parkd.com\\\/nl\\\/nieuws\\\/intertraffic-2018-automatisch-parkeren-in-amsterdam\\\/#primaryimage\"},\"thumbnailUrl\":\"https:\\\/\\\/parkd.com\\\/wp-content\\\/uploads\\\/2018\\\/04\\\/ITM_2.jpg\",\"datePublished\":\"2018-04-12T13:41:36+00:00\",\"dateModified\":\"2018-06-11T18:06:00+00:00\",\"description\":\"Dit jaar vond \u00e9\u00e9n van de grootste professionele verkeers- en mobiliteits evenementen ter wereld plaats in Amsterdam: de Intertraffic 2018.\",\"breadcrumb\":{\"@id\":\"https:\\\/\\\/parkd.com\\\/nl\\\/nieuws\\\/intertraffic-2018-automatisch-parkeren-in-amsterdam\\\/#breadcrumb\"},\"inLanguage\":\"nl-NL\",\"potentialAction\":[{\"@type\":\"ReadAction\",\"target\":[\"https:\\\/\\\/parkd.com\\\/nl\\\/nieuws\\\/intertraffic-2018-automatisch-parkeren-in-amsterdam\\\/\"]}]},{\"@type\":\"ImageObject\",\"inLanguage\":\"nl-NL\",\"@id\":\"https:\\\/\\\/parkd.com\\\/nl\\\/nieuws\\\/intertraffic-2018-automatisch-parkeren-in-amsterdam\\\/#primaryimage\",\"url\":\"https:\\\/\\\/parkd.com\\\/wp-content\\\/uploads\\\/2018\\\/04\\\/ITM_2.jpg\",\"contentUrl\":\"https:\\\/\\\/parkd.com\\\/wp-content\\\/uploads\\\/2018\\\/04\\\/ITM_2.jpg\",\"width\":3000,\"height\":2000,\"caption\":\"Intertraffic Amsterdam 2018\"},{\"@type\":\"BreadcrumbList\",\"@id\":\"https:\\\/\\\/parkd.com\\\/nl\\\/nieuws\\\/intertraffic-2018-automatisch-parkeren-in-amsterdam\\\/#breadcrumb\",\"itemListElement\":[{\"@type\":\"ListItem\",\"position\":1,\"name\":\"Home\",\"item\":\"https:\\\/\\\/parkd.com\\\/nl\\\/\"},{\"@type\":\"ListItem\",\"position\":2,\"name\":\"InterTraffic 2018: Automatisch parkeren in Amsterdam\"}]},{\"@type\":\"WebSite\",\"@id\":\"https:\\\/\\\/parkd.com\\\/nl\\\/#website\",\"url\":\"https:\\\/\\\/parkd.com\\\/nl\\\/\",\"name\":\"Parkd\",\"description\":\"Parking so simple it feels like magic.\",\"publisher\":{\"@id\":\"https:\\\/\\\/parkd.com\\\/nl\\\/#organization\"},\"potentialAction\":[{\"@type\":\"SearchAction\",\"target\":{\"@type\":\"EntryPoint\",\"urlTemplate\":\"https:\\\/\\\/parkd.com\\\/nl\\\/?s={search_term_string}\"},\"query-input\":{\"@type\":\"PropertyValueSpecification\",\"valueRequired\":true,\"valueName\":\"search_term_string\"}}],\"inLanguage\":\"nl-NL\"},{\"@type\":\"Organization\",\"@id\":\"https:\\\/\\\/parkd.com\\\/nl\\\/#organization\",\"name\":\"Parkd\",\"url\":\"https:\\\/\\\/parkd.com\\\/nl\\\/\",\"logo\":{\"@type\":\"ImageObject\",\"inLanguage\":\"nl-NL\",\"@id\":\"https:\\\/\\\/parkd.com\\\/nl\\\/#\\\/schema\\\/logo\\\/image\\\/\",\"url\":\"http:\\\/\\\/parkd.com\\\/wp-content\\\/uploads\\\/2017\\\/09\\\/parkd-logo-white-blue.png\",\"contentUrl\":\"http:\\\/\\\/parkd.com\\\/wp-content\\\/uploads\\\/2017\\\/09\\\/parkd-logo-white-blue.png\",\"width\":600,\"height\":600,\"caption\":\"Parkd\"},\"image\":{\"@id\":\"https:\\\/\\\/parkd.com\\\/nl\\\/#\\\/schema\\\/logo\\\/image\\\/\"},\"sameAs\":[\"https:\\\/\\\/www.facebook.com\\\/parkdnl\\\/\",\"https:\\\/\\\/x.com\\\/iamparkd\",\"https:\\\/\\\/www.instagram.com\\\/iamparkd\\\/\",\"https:\\\/\\\/www.linkedin.com\\\/company\\\/17925645\\\/\"]}]}<\/script>\n<!-- \/ Yoast SEO plugin. -->","yoast_head_json":{"title":"InterTraffic 2018: Automatisch parkeren in Amsterdam - Parkd","description":"Dit jaar vond \u00e9\u00e9n van de grootste professionele verkeers- en mobiliteits evenementen ter wereld plaats in Amsterdam: de Intertraffic 2018.","robots":{"index":"index","follow":"follow","max-snippet":"max-snippet:-1","max-image-preview":"max-image-preview:large","max-video-preview":"max-video-preview:-1"},"canonical":"https:\/\/parkd.com\/nl\/nieuws\/intertraffic-2018-automatisch-parkeren-in-amsterdam\/","og_locale":"nl_NL","og_type":"article","og_title":"InterTraffic 2018: Automatisch parkeren in Amsterdam - Parkd","og_description":"Dit jaar vond \u00e9\u00e9n van de grootste professionele verkeers- en mobiliteits evenementen ter wereld plaats in Amsterdam: de Intertraffic 2018.","og_url":"https:\/\/parkd.com\/nl\/nieuws\/intertraffic-2018-automatisch-parkeren-in-amsterdam\/","og_site_name":"Parkd","article_publisher":"https:\/\/www.facebook.com\/parkdnl\/","article_modified_time":"2018-06-11T18:06:00+00:00","og_image":[{"width":3000,"height":2000,"url":"https:\/\/parkd.com\/wp-content\/uploads\/2018\/04\/ITM_2.jpg","type":"image\/jpeg"}],"twitter_card":"summary_large_image","twitter_site":"@iamparkd","twitter_misc":{"Geschatte leestijd":"1 minuut"},"schema":{"@context":"https:\/\/schema.org","@graph":[{"@type":"WebPage","@id":"https:\/\/parkd.com\/nl\/nieuws\/intertraffic-2018-automatisch-parkeren-in-amsterdam\/","url":"https:\/\/parkd.com\/nl\/nieuws\/intertraffic-2018-automatisch-parkeren-in-amsterdam\/","name":"InterTraffic 2018: Automatisch parkeren in Amsterdam - Parkd","isPartOf":{"@id":"https:\/\/parkd.com\/nl\/#website"},"primaryImageOfPage":{"@id":"https:\/\/parkd.com\/nl\/nieuws\/intertraffic-2018-automatisch-parkeren-in-amsterdam\/#primaryimage"},"image":{"@id":"https:\/\/parkd.com\/nl\/nieuws\/intertraffic-2018-automatisch-parkeren-in-amsterdam\/#primaryimage"},"thumbnailUrl":"https:\/\/parkd.com\/wp-content\/uploads\/2018\/04\/ITM_2.jpg","datePublished":"2018-04-12T13:41:36+00:00","dateModified":"2018-06-11T18:06:00+00:00","description":"Dit jaar vond \u00e9\u00e9n van de grootste professionele verkeers- en mobiliteits evenementen ter wereld plaats in Amsterdam: de Intertraffic 2018.","breadcrumb":{"@id":"https:\/\/parkd.com\/nl\/nieuws\/intertraffic-2018-automatisch-parkeren-in-amsterdam\/#breadcrumb"},"inLanguage":"nl-NL","potentialAction":[{"@type":"ReadAction","target":["https:\/\/parkd.com\/nl\/nieuws\/intertraffic-2018-automatisch-parkeren-in-amsterdam\/"]}]},{"@type":"ImageObject","inLanguage":"nl-NL","@id":"https:\/\/parkd.com\/nl\/nieuws\/intertraffic-2018-automatisch-parkeren-in-amsterdam\/#primaryimage","url":"https:\/\/parkd.com\/wp-content\/uploads\/2018\/04\/ITM_2.jpg","contentUrl":"https:\/\/parkd.com\/wp-content\/uploads\/2018\/04\/ITM_2.jpg","width":3000,"height":2000,"caption":"Intertraffic Amsterdam 2018"},{"@type":"BreadcrumbList","@id":"https:\/\/parkd.com\/nl\/nieuws\/intertraffic-2018-automatisch-parkeren-in-amsterdam\/#breadcrumb","itemListElement":[{"@type":"ListItem","position":1,"name":"Home","item":"https:\/\/parkd.com\/nl\/"},{"@type":"ListItem","position":2,"name":"InterTraffic 2018: Automatisch parkeren in Amsterdam"}]},{"@type":"WebSite","@id":"https:\/\/parkd.com\/nl\/#website","url":"https:\/\/parkd.com\/nl\/","name":"Parkd","description":"Parking so simple it feels like magic.","publisher":{"@id":"https:\/\/parkd.com\/nl\/#organization"},"potentialAction":[{"@type":"SearchAction","target":{"@type":"EntryPoint","urlTemplate":"https:\/\/parkd.com\/nl\/?s={search_term_string}"},"query-input":{"@type":"PropertyValueSpecification","valueRequired":true,"valueName":"search_term_string"}}],"inLanguage":"nl-NL"},{"@type":"Organization","@id":"https:\/\/parkd.com\/nl\/#organization","name":"Parkd","url":"https:\/\/parkd.com\/nl\/","logo":{"@type":"ImageObject","inLanguage":"nl-NL","@id":"https:\/\/parkd.com\/nl\/#\/schema\/logo\/image\/","url":"http:\/\/parkd.com\/wp-content\/uploads\/2017\/09\/parkd-logo-white-blue.png","contentUrl":"http:\/\/parkd.com\/wp-content\/uploads\/2017\/09\/parkd-logo-white-blue.png","width":600,"height":600,"caption":"Parkd"},"image":{"@id":"https:\/\/parkd.com\/nl\/#\/schema\/logo\/image\/"},"sameAs":["https:\/\/www.facebook.com\/parkdnl\/","https:\/\/x.com\/iamparkd","https:\/\/www.instagram.com\/iamparkd\/","https:\/\/www.linkedin.com\/company\/17925645\/"]}]}},"_links":{"self":[{"href":"https:\/\/parkd.com\/nl\/wp-json\/wp\/v2\/newsitem\/557","targetHints":{"allow":["GET"]}}],"collection":[{"href":"https:\/\/parkd.com\/nl\/wp-json\/wp\/v2\/newsitem"}],"about":[{"href":"https:\/\/parkd.com\/nl\/wp-json\/wp\/v2\/types\/newsitem"}],"wp:featuredmedia":[{"embeddable":true,"href":"https:\/\/parkd.com\/nl\/wp-json\/wp\/v2\/media\/559"}],"wp:attachment":[{"href":"https:\/\/parkd.com\/nl\/wp-json\/wp\/v2\/media?parent=557"}],"curies":[{"name":"wp","href":"https:\/\/api.w.org\/{rel}","templated":true}]}}